{"id":10711,"date":"2023-10-30T11:17:29","date_gmt":"2023-10-30T10:17:29","guid":{"rendered":"http:\/\/vaeter-und-karriere.de\/blog\/?p=10711"},"modified":"2023-11-08T11:20:04","modified_gmt":"2023-11-08T10:20:04","slug":"vater-sein-mach-was-du-kannst","status":"publish","type":"post","link":"https:\/\/vaeter-und-karriere.de\/blog\/index.php\/2023\/10\/30\/vater-sein-mach-was-du-kannst\/","title":{"rendered":"Vater sein &#8230; Mach, was du kannst!"},"content":{"rendered":"\n<p>Teresa B\u00fccker, Journalistin und Autorin appellierte beim <a href=\"https:\/\/www.youtube.com\/hashtag\/vaetersummitnrw\">#VaeterSummitNRW<\/a> am 26. August 2023 in Essen an alle M\u00e4nner: \u201eIhr m\u00fcsst laut\nund deutlich sagen: Wir wollen mehr Zeit mit unseren Familien!&#8220; V\u00e4ter\nm\u00fcssten sich politisch f\u00fcr mehr Familienzeit und bessere Teilzeitl\u00f6hne\neinsetzen. \u201eSie m\u00fcssen unbequemer werden.&#8220; <\/p>\n\n\n\n<p>Die Aufzeichnung der Keynote von Teresa B\u00fccker <\/p>\n\n\n\n<figure class=\"wp-block-embed-youtube wp-block-embed is-type-video is-provider-youtube wp-embed-aspect-16-9 wp-has-aspect-ratio\"><div class=\"wp-block-embed__wrapper\">\n<iframe loading=\"lazy\" title=\"Ist es radikal, wenn V\u00e4ter sich mehr Zeit f\u00fcr die Familie nehmen?\" width=\"500\" height=\"281\" src=\"https:\/\/www.youtube.com\/embed\/zRgaoQM6u0I?feature=oembed\" frameborder=\"0\" allow=\"accelerometer; autoplay; clipboard-write; encrypted-media; gyroscope; picture-in-picture; web-share\" allowfullscreen><\/iframe>\n<\/div><\/figure>\n\n\n\n<p><a href=\"https:\/\/www.lag-vaeterarbeit.nrw\/2023\/09\/17\/vater-sein-mach-was-du-kannst\/\" target=\"_blank\" rel=\"noreferrer noopener\" aria-label=\"Quelle (\u00f6ffnet in neuem Tab)\">Quelle<\/a><\/p>\n","protected":false},"excerpt":{"rendered":"<p>Teresa B\u00fccker, Journalistin und Autorin appellierte beim #VaeterSummitNRW am 26. August 2023 in Essen an alle M\u00e4nner: \u201eIhr m\u00fcsst laut und deutlich sagen: Wir wollen mehr Zeit mit unseren Familien!&#8220; V\u00e4ter m\u00fcssten sich politisch f\u00fcr mehr Familienzeit und bessere Teilzeitl\u00f6hne einsetzen. \u201eSie m\u00fcssen unbequemer werden.&#8220; Die Aufzeichnung der Keynote von Teresa B\u00fccker Quelle<\/p>\n","protected":false},"author":1,"featured_media":0,"comment_status":"closed","ping_status":"open","sticky":false,"template":"","format":"standard","meta":[],"categories":[26,33,6],"tags":[221,197],"_links":{"self":[{"href":"https:\/\/vaeter-und-karriere.de\/blog\/index.php\/wp-json\/wp\/v2\/posts\/10711"}],"collection":[{"href":"https:\/\/vaeter-und-karriere.de\/blog\/index.php\/wp-json\/wp\/v2\/posts"}],"about":[{"href":"https:\/\/vaeter-und-karriere.de\/blog\/index.php\/wp-json\/wp\/v2\/types\/post"}],"author":[{"embeddable":true,"href":"https:\/\/vaeter-und-karriere.de\/blog\/index.php\/wp-json\/wp\/v2\/users\/1"}],"replies":[{"embeddable":true,"href":"https:\/\/vaeter-und-karriere.de\/blog\/index.php\/wp-json\/wp\/v2\/comments?post=10711"}],"version-history":[{"count":1,"href":"https:\/\/vaeter-und-karriere.de\/blog\/index.php\/wp-json\/wp\/v2\/posts\/10711\/revisions"}],"predecessor-version":[{"id":10712,"href":"https:\/\/vaeter-und-karriere.de\/blog\/index.php\/wp-json\/wp\/v2\/posts\/10711\/revisions\/10712"}],"wp:attachment":[{"href":"https:\/\/vaeter-und-karriere.de\/blog\/index.php\/wp-json\/wp\/v2\/media?parent=10711"}],"wp:term":[{"taxonomy":"category","embeddable":true,"href":"https:\/\/vaeter-und-karriere.de\/blog\/index.php\/wp-json\/wp\/v2\/categories?post=10711"},{"taxonomy":"post_tag","embeddable":true,"href":"https:\/\/vaeter-und-karriere.de\/blog\/index.php\/wp-json\/wp\/v2\/tags?post=10711"}],"curies":[{"name":"wp","href":"https:\/\/api.w.org\/{rel}","templated":true}]}}