{"id":10078,"date":"2020-07-15T14:02:22","date_gmt":"2020-07-15T14:02:22","guid":{"rendered":"http:\/\/vaeter-und-karriere.de\/blog\/?p=10078"},"modified":"2020-08-06T14:05:25","modified_gmt":"2020-08-06T14:05:25","slug":"eine-vater-und-sohn-reiselektuereempfehlung","status":"publish","type":"post","link":"https:\/\/vaeter-und-karriere.de\/blog\/index.php\/2020\/07\/15\/eine-vater-und-sohn-reiselektuereempfehlung\/","title":{"rendered":"Eine Vater und Sohn Reiselekt\u00fcreempfehlung"},"content":{"rendered":"\n<p>Eine Vater und Sohn Reiselekt\u00fcreempfehlung<\/p>\n\n\n\n<p>Als Tim die weiterf\u00fchrende Schule mit 17 ohne Abschluss\nverlassen musste, bricht f\u00fcr Andreas Seltmann eine Welt zusammen. Nach heftigem\nHadern mit der Situation packte ihn eine folgenreiche Idee: Eine Vater-Sohn-Auszeit,\nin Neuseeland.<\/p>\n\n\n\n<p>Vater und Sohn gemeinsam \u00fcber 3700 km 30 Tage lang 24\nStunden am Tag. Zusammen stellen sie sich als Team den Herausforderungen des\nUnterwegsseins. Offen und neugierig lassen sie sich auf Begegnungen und\n\u00fcberraschende Wendungen ein. Wie von selbst ergeben sich Gespr\u00e4che \u00fcber das\nLeben und den Tod, \u00fcber Familiengeheimnisse, \u00fcber die Liebe und\nM\u00e4nnerfreundschaften, \u00fcber V\u00e4ter und S\u00f6hne.<\/p>\n\n\n\n<p>In ber\u00fchrend pers\u00f6nlichen Briefen an die Familie und an\nFreunde, fiktive und verstorbene Personen, reflektiert Andreas Erlebtes,\nErkenntnisse und Gef\u00fchle und hinterfragt seine Verantwortung als Vater. Den\nersten Brief schreibt er aus dem Flieger an seine Frau: <\/p>\n\n\n\n<p>\u201eIch habe dir nie erz\u00e4hlt, dass der Augenblick, als unser\nSohn zur Welt kam, mein Verh\u00e4ltnis zu meinem Vater komplett ver\u00e4ndert hat. In\ndem Moment, als Tim auf die Welt gekommen war, habe ich von einer Sekunde auf\ndie andere tief in mir gesp\u00fcrt, dass nun sein Leben ganz eng mit meinem Leben\nverwoben sein wird. Ich habe mit einem Mal meinen Vater in einem anderen Licht\ngesehen. Mir wurde klar, welche Verantwortung er angenommen hatte. Mit einer\nungeheuren Klarheit sp\u00fcrte ich, dass von nun an nichts mehr so ist, wie es\nvorher war.\u201c<\/p>\n\n\n\n<figure class=\"wp-block-image\"><img src=\"https:\/\/papalapapi.de\/wp-content\/uploads\/2019\/12\/neuseesohnland-737x415.jpg \" alt=\"\"\/><figcaption> <a rel=\"noreferrer noopener\" href=\"https:\/\/l.facebook.com\/l.php?u=https%3A%2F%2Fwww.neuseesohnland.de%2F%3Ffbclid%3DIwAR0n58hzY0CWrP0h2dDDHqyQ9icMqoRvPx6NEXMbtgmn84O8rx6SSCUSUzQ&amp;h=AT0JHMkLQSXzhnEYNgW0D4mCiiDZ_qoE3neMUq5DgBlETtm2k1hjlMbnbP1CaoI-3x35lipzhodBuHTsEJ1fKkL3PyM_lHO0FKxcAOxJQUKcKxGS9OMmljyFznhoNrS1LA&amp;__tn__=-UK-R&amp;c%5b0%5d=AT3P3bJKKTqCFkxsdDqBFjS1C71eie8Ls_Mc4hVwcXXw2DF0jiob0ZpoSfe3FW2I_AamxC9xOvaYmxUAHCJI0kOK9_EgaLpADlltGQ30OemiCQ66LXUH9a9YRjUf2O4cNqyg9fe42EDTfNEO9ADoWgFkl3dzwOZymD6QOWGtCH_vBHBcxJ9h2Gx7HeLwgpc\" target=\"_blank\">https:\/\/www.neuseesohnland.de\/<\/a> <\/figcaption><\/figure>\n\n\n\n<p>Neuseeland ist derzeit wegen Corona nicht erreichbar, dieses\nBuch ist f\u00fcr die Vater-Sohn Wanderung durch den Harz oder das Sauerland aber genauso\ngut geeignet. F\u00fcr die ersten Schritte reicht ein verl\u00e4ngertes Wochenende. <\/p>\n\n\n\n<p>Andreas Seltmann, NeuseeSOHNland, Wie aus 30 Tagen Auszeit\nunsere allerbeste Vater-Sohn-Zeit wurde, Verlag Sorriso GmbH, 26,90 \u20ac<\/p>\n","protected":false},"excerpt":{"rendered":"<p>Eine Vater und Sohn Reiselekt\u00fcreempfehlung Als Tim die weiterf\u00fchrende Schule mit 17 ohne Abschluss verlassen musste, bricht f\u00fcr Andreas Seltmann eine Welt zusammen. Nach heftigem Hadern mit der Situation packte ihn eine folgenreiche Idee: Eine Vater-Sohn-Auszeit, in Neuseeland. Vater und Sohn gemeinsam \u00fcber 3700 km 30 Tage lang 24 Stunden am Tag. Zusammen stellen sie [&hellip;]<\/p>\n","protected":false},"author":1,"featured_media":0,"comment_status":"closed","ping_status":"open","sticky":false,"template":"","format":"standard","meta":[],"categories":[29,128],"tags":[150,262],"_links":{"self":[{"href":"https:\/\/vaeter-und-karriere.de\/blog\/index.php\/wp-json\/wp\/v2\/posts\/10078"}],"collection":[{"href":"https:\/\/vaeter-und-karriere.de\/blog\/index.php\/wp-json\/wp\/v2\/posts"}],"about":[{"href":"https:\/\/vaeter-und-karriere.de\/blog\/index.php\/wp-json\/wp\/v2\/types\/post"}],"author":[{"embeddable":true,"href":"https:\/\/vaeter-und-karriere.de\/blog\/index.php\/wp-json\/wp\/v2\/users\/1"}],"replies":[{"embeddable":true,"href":"https:\/\/vaeter-und-karriere.de\/blog\/index.php\/wp-json\/wp\/v2\/comments?post=10078"}],"version-history":[{"count":1,"href":"https:\/\/vaeter-und-karriere.de\/blog\/index.php\/wp-json\/wp\/v2\/posts\/10078\/revisions"}],"predecessor-version":[{"id":10079,"href":"https:\/\/vaeter-und-karriere.de\/blog\/index.php\/wp-json\/wp\/v2\/posts\/10078\/revisions\/10079"}],"wp:attachment":[{"href":"https:\/\/vaeter-und-karriere.de\/blog\/index.php\/wp-json\/wp\/v2\/media?parent=10078"}],"wp:term":[{"taxonomy":"category","embeddable":true,"href":"https:\/\/vaeter-und-karriere.de\/blog\/index.php\/wp-json\/wp\/v2\/categories?post=10078"},{"taxonomy":"post_tag","embeddable":true,"href":"https:\/\/vaeter-und-karriere.de\/blog\/index.php\/wp-json\/wp\/v2\/tags?post=10078"}],"curies":[{"name":"wp","href":"https:\/\/api.w.org\/{rel}","templated":true}]}}